{"id":1183,"date":"2013-04-28T21:48:41","date_gmt":"2013-04-28T21:48:41","guid":{"rendered":"http:\/\/www.kuenstlergemeinschaft.at\/?p=1183"},"modified":"2013-04-28T21:51:23","modified_gmt":"2013-04-28T21:51:23","slug":"7-5-13-helmut-hable-in-der-kleinen-galerie","status":"publish","type":"post","link":"https:\/\/www.kuenstlergemeinschaft.at\/?p=1183","title":{"rendered":"7.5.13 Helmut Hable in der Kleinen Galerie"},"content":{"rendered":"<p>Die <strong>kleine galerie<\/strong> l\u00e4dt zur Ausstellung<\/p>\n<h2>Vorbild Frohner<\/h2>\n<p><strong>Peter Dwo\u0159ak, Ulrich Gansert, <span style=\"color: #339966;\">Helmut Hable<\/span>,<br \/>\nUdo Hohenberger, Wolfgang Horwath, Sa\u0161a Makarov\u00e1,<br \/>\nNina Maron, Robert Weber, Herwig Zens<\/strong><\/p>\n<p>In der Ausstellung \u201eVorbild Frohner\u201c geht die <strong><em>kleine galerie<\/em><\/strong> ganz neue Wege.<br \/>\nDruckplatten aus dem Nachlass von Adolf Frohner wurden nachgedruckt und<br \/>\nvon namhaften K\u00fcnstlern \u00fcbermalt. Daraus ergibt sich eine einmalige Symbiose,<br \/>\ndie sowohl reflektierend als auch kreativ schaffend ist und ein neues Bild auf<br \/>\ndas Werk Adolf Frohners erm\u00f6glicht.<\/p>\n<p><span style=\"color: #ff0000;\"><strong>Vernissage:\u00a0\u00a0\u00a0\u00a0\u00a0 Dienstag, 7. Mai 2013,<\/strong><strong> <\/strong><strong>19 Uhr<\/strong>\u00a0<\/span><\/p>\n<p>Begr\u00fc\u00dfung:\u00a0\u00a0\u00a0\u00a0\u00a0\u00a0\u00a0 Gemeinderat <strong>Ernst Woller<\/strong>,<br \/>\nVorsitzender des Gemeinderatsausschusses f\u00fcr Kultur und Wissenschaft<\/p>\n<p>Er\u00f6ffnung: \u00a0\u00a0\u00a0\u00a0\u00a0\u00a0\u00a0\u00a0 Dr. <strong>Claudia Schmied<\/strong>,<br \/>\nBundesministerin f\u00fcr Unterricht, Kunst und Kultur<\/p>\n<p>Die Ausstellung ist bis Donnerstag, den 13. Juni 2013 zu sehen.<br \/>\n\u00d6ffnungszeiten: Dienstag \u2013 Freitag von 11 \u2013 19 Uhr, Sa nach Terminvereinbarung<\/p>\n","protected":false},"excerpt":{"rendered":"<p>Die kleine galerie l\u00e4dt zur Ausstellung Vorbild Frohner Peter Dwo\u0159ak, Ulrich Gansert, Helmut Hable, Udo Hohenberger, Wolfgang Horwath, Sa\u0161a Makarov\u00e1, Nina Maron, Robert Weber, Herwig Zens In der Ausstellung \u201eVorbild Frohner\u201c geht die kleine galerie ganz neue Wege. Druckplatten aus &hellip; <a href=\"https:\/\/www.kuenstlergemeinschaft.at\/?p=1183\">Weiterlesen <span class=\"meta-nav\">&rarr;<\/span><\/a><\/p>\n","protected":false},"author":1,"featured_media":0,"comment_status":"open","ping_status":"open","sticky":false,"template":"","format":"standard","meta":{"footnotes":""},"categories":[6],"tags":[],"_links":{"self":[{"href":"https:\/\/www.kuenstlergemeinschaft.at\/index.php?rest_route=\/wp\/v2\/posts\/1183"}],"collection":[{"href":"https:\/\/www.kuenstlergemeinschaft.at\/index.php?rest_route=\/wp\/v2\/posts"}],"about":[{"href":"https:\/\/www.kuenstlergemeinschaft.at\/index.php?rest_route=\/wp\/v2\/types\/post"}],"author":[{"embeddable":true,"href":"https:\/\/www.kuenstlergemeinschaft.at\/index.php?rest_route=\/wp\/v2\/users\/1"}],"replies":[{"embeddable":true,"href":"https:\/\/www.kuenstlergemeinschaft.at\/index.php?rest_route=%2Fwp%2Fv2%2Fcomments&post=1183"}],"version-history":[{"count":2,"href":"https:\/\/www.kuenstlergemeinschaft.at\/index.php?rest_route=\/wp\/v2\/posts\/1183\/revisions"}],"predecessor-version":[{"id":1186,"href":"https:\/\/www.kuenstlergemeinschaft.at\/index.php?rest_route=\/wp\/v2\/posts\/1183\/revisions\/1186"}],"wp:attachment":[{"href":"https:\/\/www.kuenstlergemeinschaft.at\/index.php?rest_route=%2Fwp%2Fv2%2Fmedia&parent=1183"}],"wp:term":[{"taxonomy":"category","embeddable":true,"href":"https:\/\/www.kuenstlergemeinschaft.at\/index.php?rest_route=%2Fwp%2Fv2%2Fcategories&post=1183"},{"taxonomy":"post_tag","embeddable":true,"href":"https:\/\/www.kuenstlergemeinschaft.at\/index.php?rest_route=%2Fwp%2Fv2%2Ftags&post=1183"}],"curies":[{"name":"wp","href":"https:\/\/api.w.org\/{rel}","templated":true}]}}