{"id":1188,"date":"2013-05-30T16:34:52","date_gmt":"2013-05-30T16:34:52","guid":{"rendered":"http:\/\/www.kuenstlergemeinschaft.at\/?p=1188"},"modified":"2013-05-30T16:45:42","modified_gmt":"2013-05-30T16:45:42","slug":"7-6-13-vierzehn-gerhard-w-schmidbauer-dok-no-fur-moderne-kunst","status":"publish","type":"post","link":"https:\/\/www.kuenstlergemeinschaft.at\/?p=1188","title":{"rendered":"7.6.13 vierzehn &#8211; Gerhard W. Schmidbauer im DOK N\u00d6"},"content":{"rendered":"<h2>vierzehn<\/h2>\n<p>N\u00d6 Kunstvereine Landesverband<br \/>\nvierzehn\u00a0N\u00d6 Kunstvereine\u00a0Landesverband<\/p>\n<p><span style=\"color: #ff0000;\"><strong>K\u00fcnstlergemeinschaft ist durch\u00a0GERHARD W. SCHMIDBAUER vertreten<\/strong><\/span><\/p>\n<p><span style=\"color: #ff0000;\">Er\u00f6ffnung Freitag 7. Juni 2013, 18:00 Uhr<\/span><\/p>\n<p>Begr\u00fcssung: Dr. Leopold Kogler (Pr\u00e4sident Landesverband der N\u00d6 Kunstvereine)<br \/>\nEinf\u00fchrung: Mag. Carl Aigner (Direktor Landesmuseum N\u00d6 St. P\u00f6lten)<br \/>\nEr\u00f6ffnung: Mag. Matthias Stadler (B\u00fcrgermeister von St. P\u00f6lten)<\/p>\n<p>Sommernachtsfest im Karmeliterhof<\/p>\n<p>Die Ausstellung ist vom 7. 6. bis 25. 8. 2013 ge\u00f6ffnet.<br \/>\n\u00d6ffnungszeiten: Mittwoch bis Sonntag 10 bis 17 Uhr, Eintritt frei<\/p>\n<p><strong>DOK N\u00d6 f\u00fcr Moderne Kunst<br \/>\n<\/strong>Prandtauerstra\u00dfe 2,\u00a03100 St. P\u00f6lten<br \/>\nTel. und Fax +43 (2742) 353 33 6<br \/>\nnoedok@aon.at<br \/>\n<a href=\"http:\/\/www.noedok.at\">www.noedok.at<\/a><\/p>\n<p><a href=\"https:\/\/www.kuenstlergemeinschaft.at\/wp-content\/themes\/twentyten\/images\/schmidbauer_dok.pdf\" target=\"_blank\">Einladung als PDF<\/a><\/p>\n","protected":false},"excerpt":{"rendered":"<p>vierzehn N\u00d6 Kunstvereine Landesverband vierzehn\u00a0N\u00d6 Kunstvereine\u00a0Landesverband K\u00fcnstlergemeinschaft ist durch\u00a0GERHARD W. SCHMIDBAUER vertreten Er\u00f6ffnung Freitag 7. Juni 2013, 18:00 Uhr Begr\u00fcssung: Dr. Leopold Kogler (Pr\u00e4sident Landesverband der N\u00d6 Kunstvereine) Einf\u00fchrung: Mag. Carl Aigner (Direktor Landesmuseum N\u00d6 St. P\u00f6lten) Er\u00f6ffnung: Mag. Matthias &hellip; <a href=\"https:\/\/www.kuenstlergemeinschaft.at\/?p=1188\">Weiterlesen <span class=\"meta-nav\">&rarr;<\/span><\/a><\/p>\n","protected":false},"author":1,"featured_media":0,"comment_status":"open","ping_status":"open","sticky":false,"template":"","format":"standard","meta":{"footnotes":""},"categories":[6],"tags":[],"_links":{"self":[{"href":"https:\/\/www.kuenstlergemeinschaft.at\/index.php?rest_route=\/wp\/v2\/posts\/1188"}],"collection":[{"href":"https:\/\/www.kuenstlergemeinschaft.at\/index.php?rest_route=\/wp\/v2\/posts"}],"about":[{"href":"https:\/\/www.kuenstlergemeinschaft.at\/index.php?rest_route=\/wp\/v2\/types\/post"}],"author":[{"embeddable":true,"href":"https:\/\/www.kuenstlergemeinschaft.at\/index.php?rest_route=\/wp\/v2\/users\/1"}],"replies":[{"embeddable":true,"href":"https:\/\/www.kuenstlergemeinschaft.at\/index.php?rest_route=%2Fwp%2Fv2%2Fcomments&post=1188"}],"version-history":[{"count":8,"href":"https:\/\/www.kuenstlergemeinschaft.at\/index.php?rest_route=\/wp\/v2\/posts\/1188\/revisions"}],"predecessor-version":[{"id":1197,"href":"https:\/\/www.kuenstlergemeinschaft.at\/index.php?rest_route=\/wp\/v2\/posts\/1188\/revisions\/1197"}],"wp:attachment":[{"href":"https:\/\/www.kuenstlergemeinschaft.at\/index.php?rest_route=%2Fwp%2Fv2%2Fmedia&parent=1188"}],"wp:term":[{"taxonomy":"category","embeddable":true,"href":"https:\/\/www.kuenstlergemeinschaft.at\/index.php?rest_route=%2Fwp%2Fv2%2Fcategories&post=1188"},{"taxonomy":"post_tag","embeddable":true,"href":"https:\/\/www.kuenstlergemeinschaft.at\/index.php?rest_route=%2Fwp%2Fv2%2Ftags&post=1188"}],"curies":[{"name":"wp","href":"https:\/\/api.w.org\/{rel}","templated":true}]}}