{"id":1199,"date":"2013-08-26T20:01:13","date_gmt":"2013-08-26T20:01:13","guid":{"rendered":"http:\/\/www.kuenstlergemeinschaft.at\/?p=1199"},"modified":"2013-08-26T20:25:31","modified_gmt":"2013-08-26T20:25:31","slug":"1199","status":"publish","type":"post","link":"https:\/\/www.kuenstlergemeinschaft.at\/?p=1199","title":{"rendered":"6.9.13 Margit K\u00f6nig in der Galerie 5er Haus, Reichenau"},"content":{"rendered":"<h2><strong>Ausstellung in der Galerie 5er Haus<br \/>\n<\/strong>Schlo\u00dfplatz 5, 2651 Reichenau an der Rax, N\u00d6<\/h2>\n<p><img loading=\"lazy\" decoding=\"async\" src=\"https:\/\/www.kuenstlergemeinschaft.at\/wp-content\/themes\/twentyten\/images\/koenig_reichenau.jpg\" alt=\"Margit K\u00f6nig Reichenau\" width=\"480\" height=\"340\" \/><br \/>\nFoto: Daniel Zupanc<\/p>\n<h3><strong>Atelier Zoo: &#8222;Ich male das Leben&#8220; Margit K\u00f6nig<br \/>\n<\/strong>Tieraquarelle, Tusche- und Federzeichnungen<\/h3>\n<p><span style=\"color: #ff0000;\">Vernissage: <strong>Freitag, 6. Sept. 2013, 18.30 Uhr\u00a0<\/strong><\/span><\/p>\n<p>Er\u00f6ffnung durch:\u00a0<strong>Dr. Harald Schwammer \/ Stv. Direktor des Tiergartens Sch\u00f6nbrunn\u00a0<\/strong>und <strong>B\u00fcrgermeister Johann Ledolter \/Abgeordneter zum Nationalrat a.D.\u00a0<\/strong><\/p>\n<p>Ausstellungsdauer: bis 15. Sept. 2013<br \/>\n\u00d6ffnungszeiten: Donnerstag, Freitag 14-18Uhr Samstag, Sonntag 10-12, 14-18 Uhr<\/p>\n<p>Die K\u00fcnstlerin ist w\u00e4hrend der \u00d6ffnungszeiten immer anwesend!<br \/>\nWeinverkostung der Fam. St\u00f6ckl, Zellerndorf, N\u00d6<\/p>\n","protected":false},"excerpt":{"rendered":"<p>Ausstellung in der Galerie 5er Haus Schlo\u00dfplatz 5, 2651 Reichenau an der Rax, N\u00d6 Foto: Daniel Zupanc Atelier Zoo: &#8222;Ich male das Leben&#8220; Margit K\u00f6nig Tieraquarelle, Tusche- und Federzeichnungen Vernissage: Freitag, 6. Sept. 2013, 18.30 Uhr\u00a0 Er\u00f6ffnung durch:\u00a0Dr. Harald Schwammer &hellip; <a href=\"https:\/\/www.kuenstlergemeinschaft.at\/?p=1199\">Weiterlesen <span class=\"meta-nav\">&rarr;<\/span><\/a><\/p>\n","protected":false},"author":1,"featured_media":0,"comment_status":"open","ping_status":"open","sticky":false,"template":"","format":"standard","meta":{"footnotes":""},"categories":[6],"tags":[],"_links":{"self":[{"href":"https:\/\/www.kuenstlergemeinschaft.at\/index.php?rest_route=\/wp\/v2\/posts\/1199"}],"collection":[{"href":"https:\/\/www.kuenstlergemeinschaft.at\/index.php?rest_route=\/wp\/v2\/posts"}],"about":[{"href":"https:\/\/www.kuenstlergemeinschaft.at\/index.php?rest_route=\/wp\/v2\/types\/post"}],"author":[{"embeddable":true,"href":"https:\/\/www.kuenstlergemeinschaft.at\/index.php?rest_route=\/wp\/v2\/users\/1"}],"replies":[{"embeddable":true,"href":"https:\/\/www.kuenstlergemeinschaft.at\/index.php?rest_route=%2Fwp%2Fv2%2Fcomments&post=1199"}],"version-history":[{"count":16,"href":"https:\/\/www.kuenstlergemeinschaft.at\/index.php?rest_route=\/wp\/v2\/posts\/1199\/revisions"}],"predecessor-version":[{"id":1201,"href":"https:\/\/www.kuenstlergemeinschaft.at\/index.php?rest_route=\/wp\/v2\/posts\/1199\/revisions\/1201"}],"wp:attachment":[{"href":"https:\/\/www.kuenstlergemeinschaft.at\/index.php?rest_route=%2Fwp%2Fv2%2Fmedia&parent=1199"}],"wp:term":[{"taxonomy":"category","embeddable":true,"href":"https:\/\/www.kuenstlergemeinschaft.at\/index.php?rest_route=%2Fwp%2Fv2%2Fcategories&post=1199"},{"taxonomy":"post_tag","embeddable":true,"href":"https:\/\/www.kuenstlergemeinschaft.at\/index.php?rest_route=%2Fwp%2Fv2%2Ftags&post=1199"}],"curies":[{"name":"wp","href":"https:\/\/api.w.org\/{rel}","templated":true}]}}