{"id":1216,"date":"2013-08-29T20:24:42","date_gmt":"2013-08-29T20:24:42","guid":{"rendered":"http:\/\/www.kuenstlergemeinschaft.at\/?p=1216"},"modified":"2013-09-17T13:38:55","modified_gmt":"2013-09-17T13:38:55","slug":"26-9-13-hable-jessner-stasta-nitschs-schuler-wege-der-aktionsmalerei","status":"publish","type":"post","link":"https:\/\/www.kuenstlergemeinschaft.at\/?p=1216","title":{"rendered":"26.9.13 Hable, Jessner, Stasta &#8211; &#8222;NITSCH SCH\u00dcLER | WEGE DER AKTIONSMALEREI&#8220;"},"content":{"rendered":"<h2>NITSCH SCH\u00dcLER | WEGE DER AKTIONSMALEREI<\/h2>\n<p>EINE GRUPPENAUSSTELLUNG DER SCH\u00dcLER HERMANN NITSCH MIT ARBEITEN VON<\/p>\n<p style=\"text-align: center;\"><span style=\"color: #800000;\">HEINZ ASCHENBRENNER<\/span><br \/>\n<span style=\"color: #800000;\">ROSA BORDEAUX<\/span><br \/>\n<span style=\"color: #800000;\">CEDES<\/span><br \/>\n<span style=\"color: #800000;\">HELMUT HABLE<\/span><br \/>\n<span style=\"color: #800000;\">ANTON JESSNER<\/span><br \/>\n<span style=\"color: #800000;\">ANDREAS STASTA<\/span><\/p>\n<p><span style=\"color: #ff0000;\">ER\u00d6FFNUNG | DONNERSTAG, 26. SEPTEMBER 2013 UM 18.30 UHR<br \/>\n<\/span>IN ANWESENHEIT DER K\u00dcNSTLER<\/p>\n<p><a href=\"https:\/\/www.kuenstlergemeinschaft.at\/wp-content\/uploads\/2013\/08\/aic_jessner.jpg\"><img loading=\"lazy\" decoding=\"async\" class=\"alignnone size-full wp-image-1232\" title=\"AIC_JESSNER\" src=\"https:\/\/www.kuenstlergemeinschaft.at\/wp-content\/uploads\/2013\/08\/aic_jessner.jpg\" alt=\"\" width=\"610\" height=\"406\" srcset=\"https:\/\/www.kuenstlergemeinschaft.at\/wp-content\/uploads\/2013\/08\/aic_jessner.jpg 610w, https:\/\/www.kuenstlergemeinschaft.at\/wp-content\/uploads\/2013\/08\/aic_jessner-300x199.jpg 300w\" sizes=\"(max-width: 610px) 100vw, 610px\" \/><\/a><\/p>\n<p>EXKLUSIV | VERKOSTUNG DER WEINE VOM WEINGUT MARTINSHOF | NITSCH WEIN<\/p>\n<p>AUSSTELLUNG VOM 27. SEPTEMBER BIS 8. NOVEMBER 2013<\/p>\n<p><span style=\"color: #800000;\">K\u00dcNSTLERGESPR\u00c4CH \u201eNITSCH SCH\u00dcLER IM BLICKPUNKT\u201c <\/span><br \/>\n<span style=\"color: #800000;\">AM 17. OKTOBER 2013 UM 18.30 UHR<\/span><br \/>\n<span style=\"color: #800000;\">MIT ROSA BORDEAUX, ANTON JESSNER UND ANDREAS STASTA<\/span><\/p>\n<p><strong>AIC GALLERY | WALLNERSTRASSE 4\/37 | 1010 WIEN |<\/strong><br \/>\nT 43 1 890 15 30 \u2013 14 | M OFFICE@ART-IC.AT | <strong><a title=\"http:\/\/art-ic.at\" href=\"http:\/\/art-ic.at\">WWW.ART-IC.AT<\/a><\/strong><\/p>\n<p><a href=\"https:\/\/www.kuenstlergemeinschaft.at\/wp-content\/uploads\/2013\/08\/aic.pdf\">AIC GALLERY Einladung zum downloaden&#8230;<\/a><\/p>\n","protected":false},"excerpt":{"rendered":"<p>NITSCH SCH\u00dcLER | WEGE DER AKTIONSMALEREI EINE GRUPPENAUSSTELLUNG DER SCH\u00dcLER HERMANN NITSCH MIT ARBEITEN VON HEINZ ASCHENBRENNER ROSA BORDEAUX CEDES HELMUT HABLE ANTON JESSNER ANDREAS STASTA ER\u00d6FFNUNG | DONNERSTAG, 26. SEPTEMBER 2013 UM 18.30 UHR IN ANWESENHEIT DER K\u00dcNSTLER EXKLUSIV &hellip; <a href=\"https:\/\/www.kuenstlergemeinschaft.at\/?p=1216\">Weiterlesen <span class=\"meta-nav\">&rarr;<\/span><\/a><\/p>\n","protected":false},"author":1,"featured_media":0,"comment_status":"open","ping_status":"open","sticky":false,"template":"","format":"standard","meta":{"footnotes":""},"categories":[6],"tags":[],"_links":{"self":[{"href":"https:\/\/www.kuenstlergemeinschaft.at\/index.php?rest_route=\/wp\/v2\/posts\/1216"}],"collection":[{"href":"https:\/\/www.kuenstlergemeinschaft.at\/index.php?rest_route=\/wp\/v2\/posts"}],"about":[{"href":"https:\/\/www.kuenstlergemeinschaft.at\/index.php?rest_route=\/wp\/v2\/types\/post"}],"author":[{"embeddable":true,"href":"https:\/\/www.kuenstlergemeinschaft.at\/index.php?rest_route=\/wp\/v2\/users\/1"}],"replies":[{"embeddable":true,"href":"https:\/\/www.kuenstlergemeinschaft.at\/index.php?rest_route=%2Fwp%2Fv2%2Fcomments&post=1216"}],"version-history":[{"count":17,"href":"https:\/\/www.kuenstlergemeinschaft.at\/index.php?rest_route=\/wp\/v2\/posts\/1216\/revisions"}],"predecessor-version":[{"id":1246,"href":"https:\/\/www.kuenstlergemeinschaft.at\/index.php?rest_route=\/wp\/v2\/posts\/1216\/revisions\/1246"}],"wp:attachment":[{"href":"https:\/\/www.kuenstlergemeinschaft.at\/index.php?rest_route=%2Fwp%2Fv2%2Fmedia&parent=1216"}],"wp:term":[{"taxonomy":"category","embeddable":true,"href":"https:\/\/www.kuenstlergemeinschaft.at\/index.php?rest_route=%2Fwp%2Fv2%2Fcategories&post=1216"},{"taxonomy":"post_tag","embeddable":true,"href":"https:\/\/www.kuenstlergemeinschaft.at\/index.php?rest_route=%2Fwp%2Fv2%2Ftags&post=1216"}],"curies":[{"name":"wp","href":"https:\/\/api.w.org\/{rel}","templated":true}]}}