{"id":1400,"date":"2014-07-09T11:18:19","date_gmt":"2014-07-09T11:18:19","guid":{"rendered":"http:\/\/www.kuenstlergemeinschaft.at\/?p=1400"},"modified":"2014-07-09T11:31:23","modified_gmt":"2014-07-09T11:31:23","slug":"ausstellung-im-schloss-gloggnitz","status":"publish","type":"post","link":"https:\/\/www.kuenstlergemeinschaft.at\/?p=1400","title":{"rendered":"5.9.14 Ausstellung im Schloss Gloggnitz"},"content":{"rendered":"<h2>Die Stadtgemeinde Gloggnitz &amp; die K\u00fcnstlergemeinschaft \u00a0Westliches Weinviertel laden ein zur\u00a0<span style=\"color: #008000;\"><span style=\"color: #000000;\">Ausstellung<\/span><br \/>\n\u201eBotschaften aus dem Weinviertel\u201c\u00a0<\/span>im Schloss Gloggnitz<\/h2>\n<p><span style=\"color: #ff0000;\">Vernissage in der Schlossgalerie<\/span><br \/>\n<span style=\"color: #ff0000;\">am Freitag den 5. Sept. 2014 um 19 Uhr<\/span><\/p>\n<p>Er\u00f6ffnung durch Frau B\u00fcrgermeisterin Irene G\u00f6lles<br \/>\nVorstellung der K\u00fcnstler durch Dr. Heinz Baier<br \/>\nEr\u00f6ffnungsbuffet<\/p>\n<p><a href=\"https:\/\/www.kuenstlergemeinschaft.at\/wp-content\/uploads\/2014\/07\/gloggnitz_hp.jpeg\"><img loading=\"lazy\" decoding=\"async\" class=\"alignleft size-full wp-image-1410\" title=\"gloggnitz_hp\" src=\"https:\/\/www.kuenstlergemeinschaft.at\/wp-content\/uploads\/2014\/07\/gloggnitz_hp.jpeg\" alt=\"\" width=\"610\" height=\"431\" srcset=\"https:\/\/www.kuenstlergemeinschaft.at\/wp-content\/uploads\/2014\/07\/gloggnitz_hp.jpeg 610w, https:\/\/www.kuenstlergemeinschaft.at\/wp-content\/uploads\/2014\/07\/gloggnitz_hp-300x211.jpeg 300w\" sizes=\"(max-width: 610px) 100vw, 610px\" \/><\/a><\/p>\n<p>&nbsp;<\/p>\n<p>&nbsp;<\/p>\n<p>&nbsp;<\/p>\n<p>&nbsp;<\/p>\n<p>&nbsp;<\/p>\n<p>&nbsp;<\/p>\n<p>&nbsp;<\/p>\n<p>&nbsp;<br \/>\n\u00d6ffnungszeiten: Samstag + Sonntag 14-18 Uhr<br \/>\nAusstellungsdauer bis 21. Sept. 2014, Eintritt frei<\/p>\n<p>K\u00fcnstlerInnen:<br \/>\n<strong>Helga Berger (1946-2014)<\/strong><br \/>\nHeinz BaierErhard Bail<br \/>\nReinhard Berger<br \/>\nRobert Floch<br \/>\nAnton Jessner<br \/>\nRenald Kern<br \/>\nMargit K\u00f6nig<br \/>\nSabine Kupferschmidt<br \/>\nBeatrix Kutschera<br \/>\nChristian Reichhold<br \/>\nHelmut Rogenhofer<br \/>\nIrmtraud Schmidl<br \/>\nGerhard W. Schmidbauer<br \/>\nAndreas Stasta<\/p>\n<p><a href=\"https:\/\/www.kuenstlergemeinschaft.at\/wp-content\/uploads\/2014\/07\/gloggnitz_aussendung.pdf\">Aussendung zum Downloaden<\/a><\/p>\n","protected":false},"excerpt":{"rendered":"<p>Die Stadtgemeinde Gloggnitz &amp; die K\u00fcnstlergemeinschaft \u00a0Westliches Weinviertel laden ein zur\u00a0Ausstellung \u201eBotschaften aus dem Weinviertel\u201c\u00a0im Schloss Gloggnitz Vernissage in der Schlossgalerie am Freitag den 5. Sept. 2014 um 19 Uhr Er\u00f6ffnung durch Frau B\u00fcrgermeisterin Irene G\u00f6lles Vorstellung der K\u00fcnstler durch &hellip; <a href=\"https:\/\/www.kuenstlergemeinschaft.at\/?p=1400\">Weiterlesen <span class=\"meta-nav\">&rarr;<\/span><\/a><\/p>\n","protected":false},"author":1,"featured_media":0,"comment_status":"open","ping_status":"open","sticky":false,"template":"","format":"standard","meta":{"footnotes":""},"categories":[6],"tags":[],"_links":{"self":[{"href":"https:\/\/www.kuenstlergemeinschaft.at\/index.php?rest_route=\/wp\/v2\/posts\/1400"}],"collection":[{"href":"https:\/\/www.kuenstlergemeinschaft.at\/index.php?rest_route=\/wp\/v2\/posts"}],"about":[{"href":"https:\/\/www.kuenstlergemeinschaft.at\/index.php?rest_route=\/wp\/v2\/types\/post"}],"author":[{"embeddable":true,"href":"https:\/\/www.kuenstlergemeinschaft.at\/index.php?rest_route=\/wp\/v2\/users\/1"}],"replies":[{"embeddable":true,"href":"https:\/\/www.kuenstlergemeinschaft.at\/index.php?rest_route=%2Fwp%2Fv2%2Fcomments&post=1400"}],"version-history":[{"count":14,"href":"https:\/\/www.kuenstlergemeinschaft.at\/index.php?rest_route=\/wp\/v2\/posts\/1400\/revisions"}],"predecessor-version":[{"id":1408,"href":"https:\/\/www.kuenstlergemeinschaft.at\/index.php?rest_route=\/wp\/v2\/posts\/1400\/revisions\/1408"}],"wp:attachment":[{"href":"https:\/\/www.kuenstlergemeinschaft.at\/index.php?rest_route=%2Fwp%2Fv2%2Fmedia&parent=1400"}],"wp:term":[{"taxonomy":"category","embeddable":true,"href":"https:\/\/www.kuenstlergemeinschaft.at\/index.php?rest_route=%2Fwp%2Fv2%2Fcategories&post=1400"},{"taxonomy":"post_tag","embeddable":true,"href":"https:\/\/www.kuenstlergemeinschaft.at\/index.php?rest_route=%2Fwp%2Fv2%2Ftags&post=1400"}],"curies":[{"name":"wp","href":"https:\/\/api.w.org\/{rel}","templated":true}]}}