{"id":1572,"date":"2015-08-04T20:31:26","date_gmt":"2015-08-04T20:31:26","guid":{"rendered":"http:\/\/www.kuenstlergemeinschaft.at\/?p=1572"},"modified":"2015-09-06T20:35:50","modified_gmt":"2015-09-06T20:35:50","slug":"1572","status":"publish","type":"post","link":"https:\/\/www.kuenstlergemeinschaft.at\/?p=1572","title":{"rendered":"1.9.15 Ausstellung im Wassertrum K\u00f6nig,Gr\u00f6llinger,Bail"},"content":{"rendered":"<p><strong>Einladung zur Ausstellung im Wasserturm<br \/>\n<\/strong>1100 Wien, Windtenstra\u00dfe 3<\/p>\n<p><strong>\u201eDer Hauch des Augenblicks\u201c<br \/>\n<\/strong><strong>Margit K\u00f6nig \/\u00a0<\/strong><strong>Gerlinde Gr\u00f6llinger \/\u00a0<\/strong><strong>Erhard Bail\u00a0<\/strong><\/p>\n<p>Tier-Menschen-Landschaftsbilder<br \/>\nAquarelle, Mischtechniken, Zeichnungen, Gouachen<\/p>\n<p><span style=\"color: #ff0000;\"><strong>Er\u00f6ffnung\u00a0<\/strong>Dienstag, 1. September 2015 um 19 Uhr <\/span><br \/>\ndurch <strong>DDr. Leopold Kogler<\/strong>, Leiter des N\u00d6 Dokumentationszentrums f\u00fcr Moderne Kunst<\/p>\n<p><a href=\"https:\/\/www.kuenstlergemeinschaft.at\/wp-content\/uploads\/2015\/08\/Bildschirmfoto-2015-08-04-um-22.34.12.png\"><img loading=\"lazy\" decoding=\"async\" class=\"alignnone size-full wp-image-1577\" title=\"Bildschirmfoto 2015-08-04 um 22.34.12\" src=\"https:\/\/www.kuenstlergemeinschaft.at\/wp-content\/uploads\/2015\/08\/Bildschirmfoto-2015-08-04-um-22.34.12.png\" alt=\"\" width=\"542\" height=\"767\" srcset=\"https:\/\/www.kuenstlergemeinschaft.at\/wp-content\/uploads\/2015\/08\/Bildschirmfoto-2015-08-04-um-22.34.12.png 542w, https:\/\/www.kuenstlergemeinschaft.at\/wp-content\/uploads\/2015\/08\/Bildschirmfoto-2015-08-04-um-22.34.12-211x300.png 211w\" sizes=\"(max-width: 542px) 100vw, 542px\" \/><\/a><\/p>\n<p><strong>Ausstellungsdauer: <\/strong>1. September bis einschl. 6. September 2015<br \/>\n<strong>\u00d6ffnungszeiten: <\/strong>Mittwoch bis Sonntag 15 \u2013 18 Uhr<br \/>\nDie K\u00fcnstler sind w\u00e4hrend den \u00d6ffnungszeiten anwesend<\/p>\n","protected":false},"excerpt":{"rendered":"<p>Einladung zur Ausstellung im Wasserturm 1100 Wien, Windtenstra\u00dfe 3 \u201eDer Hauch des Augenblicks\u201c Margit K\u00f6nig \/\u00a0Gerlinde Gr\u00f6llinger \/\u00a0Erhard Bail\u00a0 Tier-Menschen-Landschaftsbilder Aquarelle, Mischtechniken, Zeichnungen, Gouachen Er\u00f6ffnung\u00a0Dienstag, 1. September 2015 um 19 Uhr durch DDr. Leopold Kogler, Leiter des N\u00d6 Dokumentationszentrums f\u00fcr &hellip; <a href=\"https:\/\/www.kuenstlergemeinschaft.at\/?p=1572\">Weiterlesen <span class=\"meta-nav\">&rarr;<\/span><\/a><\/p>\n","protected":false},"author":1,"featured_media":0,"comment_status":"open","ping_status":"open","sticky":false,"template":"","format":"standard","meta":{"footnotes":""},"categories":[6],"tags":[],"_links":{"self":[{"href":"https:\/\/www.kuenstlergemeinschaft.at\/index.php?rest_route=\/wp\/v2\/posts\/1572"}],"collection":[{"href":"https:\/\/www.kuenstlergemeinschaft.at\/index.php?rest_route=\/wp\/v2\/posts"}],"about":[{"href":"https:\/\/www.kuenstlergemeinschaft.at\/index.php?rest_route=\/wp\/v2\/types\/post"}],"author":[{"embeddable":true,"href":"https:\/\/www.kuenstlergemeinschaft.at\/index.php?rest_route=\/wp\/v2\/users\/1"}],"replies":[{"embeddable":true,"href":"https:\/\/www.kuenstlergemeinschaft.at\/index.php?rest_route=%2Fwp%2Fv2%2Fcomments&post=1572"}],"version-history":[{"count":7,"href":"https:\/\/www.kuenstlergemeinschaft.at\/index.php?rest_route=\/wp\/v2\/posts\/1572\/revisions"}],"predecessor-version":[{"id":1636,"href":"https:\/\/www.kuenstlergemeinschaft.at\/index.php?rest_route=\/wp\/v2\/posts\/1572\/revisions\/1636"}],"wp:attachment":[{"href":"https:\/\/www.kuenstlergemeinschaft.at\/index.php?rest_route=%2Fwp%2Fv2%2Fmedia&parent=1572"}],"wp:term":[{"taxonomy":"category","embeddable":true,"href":"https:\/\/www.kuenstlergemeinschaft.at\/index.php?rest_route=%2Fwp%2Fv2%2Fcategories&post=1572"},{"taxonomy":"post_tag","embeddable":true,"href":"https:\/\/www.kuenstlergemeinschaft.at\/index.php?rest_route=%2Fwp%2Fv2%2Ftags&post=1572"}],"curies":[{"name":"wp","href":"https:\/\/api.w.org\/{rel}","templated":true}]}}