{"id":1695,"date":"2016-08-24T16:28:32","date_gmt":"2016-08-24T16:28:32","guid":{"rendered":"http:\/\/www.kuenstlergemeinschaft.at\/?p=1695"},"modified":"2016-08-24T16:34:38","modified_gmt":"2016-08-24T16:34:38","slug":"23-9-16-kgww-ausstellung-villa-wertheimstein","status":"publish","type":"post","link":"https:\/\/www.kuenstlergemeinschaft.at\/?p=1695","title":{"rendered":"23.9.16 KGWW Bezirksmuseum D\u00f6bling Villa Wertheimstein"},"content":{"rendered":"<h2>Einladung zur Ausstellung der<br \/>\nK\u00fcnstlergemeinschaft Westliches Weinviertel<\/h2>\n<p>ins Bezirksmuseum D\u00f6bling &#8211; Villa Wertheimstein<br \/>\nD\u00f6blinger Hauptstra\u00dfe 96, 1190 Wien<\/p>\n<p><span style=\"color: #ff0000;\"><strong>Vernissage Freitag 23.Sept. 2016 um 19 Uhr<\/strong><\/span><\/p>\n<p><a href=\"https:\/\/www.kuenstlergemeinschaft.at\/wp-content\/uploads\/2016\/08\/Bildschirmfoto-2016-08-24-um-18.31.11.png\"><img loading=\"lazy\" decoding=\"async\" class=\"alignnone size-full wp-image-1702\" title=\"Bildschirmfoto 2016-08-24 um 18.31.11\" src=\"https:\/\/www.kuenstlergemeinschaft.at\/wp-content\/uploads\/2016\/08\/Bildschirmfoto-2016-08-24-um-18.31.11.png\" alt=\"\" width=\"610\" height=\"435\" srcset=\"https:\/\/www.kuenstlergemeinschaft.at\/wp-content\/uploads\/2016\/08\/Bildschirmfoto-2016-08-24-um-18.31.11.png 610w, https:\/\/www.kuenstlergemeinschaft.at\/wp-content\/uploads\/2016\/08\/Bildschirmfoto-2016-08-24-um-18.31.11-300x213.png 300w\" sizes=\"(max-width: 610px) 100vw, 610px\" \/><\/a><\/p>\n<p>\u00d6ffnungszeiten der Ausstellung:<br \/>\nSamstag 24.9. von 15 &#8211; 18 Uhr<br \/>\nSonntag 25.9. von 10 &#8211; 12 und 15 bis 18 Uhr<br \/>\nMontag 26.9. von 15 &#8211; 18 Uhr<br \/>\nDienstag 27.9. von 15 &#8211; 18 Uhr<\/p>\n<p>Prof. G\u00fcnther Frank stellt die K\u00fcnstler vor<\/p>\n<p><strong>Bibiane Wunder<br \/>\n<\/strong><strong>Magdalena Steiner<br \/>\n<\/strong><strong>Andreas Stasta<br \/>\n<\/strong><strong>Beatrix Kutschera<br \/>\n<\/strong><strong>Sabine El Daly-Kupferschmidt<br \/>\n<\/strong><strong>Margit K\u00f6nig<br \/>\n<\/strong><strong>Renald Kern<br \/>\n<\/strong><strong>Anton Jessner<br \/>\n<\/strong><strong>Egidius Golob<br \/>\n<\/strong><strong>G\u00fcnther Frank<br \/>\n<\/strong><strong>Reihard Berger<br \/>\n<\/strong><strong>Lieselotte Balic<br \/>\n<\/strong><strong>Erhard Bail<br \/>\n<\/strong><strong>Heinz Baier<\/strong><\/p>\n<p>Weinkost\u00a0 Weinbau St\u00f6ckl, Zellerndorf<\/p>\n<p><a href=\"https:\/\/www.kuenstlergemeinschaft.at\/wp-content\/uploads\/2016\/08\/Villa_Wertheimstein_1.pdf\">Villa_Wertheimstein_1<br \/>\n<\/a><a href=\"https:\/\/www.kuenstlergemeinschaft.at\/wp-content\/uploads\/2016\/08\/Villa_Wertheimstein_2.pdf\">Villa_Wertheimstein_2<\/a><\/p>\n","protected":false},"excerpt":{"rendered":"<p>Einladung zur Ausstellung der K\u00fcnstlergemeinschaft Westliches Weinviertel ins Bezirksmuseum D\u00f6bling &#8211; Villa Wertheimstein D\u00f6blinger Hauptstra\u00dfe 96, 1190 Wien Vernissage Freitag 23.Sept. 2016 um 19 Uhr \u00d6ffnungszeiten der Ausstellung: Samstag 24.9. von 15 &#8211; 18 Uhr Sonntag 25.9. von 10 &#8211; &hellip; <a href=\"https:\/\/www.kuenstlergemeinschaft.at\/?p=1695\">Weiterlesen <span class=\"meta-nav\">&rarr;<\/span><\/a><\/p>\n","protected":false},"author":1,"featured_media":0,"comment_status":"open","ping_status":"open","sticky":false,"template":"","format":"standard","meta":{"footnotes":""},"categories":[6],"tags":[],"_links":{"self":[{"href":"https:\/\/www.kuenstlergemeinschaft.at\/index.php?rest_route=\/wp\/v2\/posts\/1695"}],"collection":[{"href":"https:\/\/www.kuenstlergemeinschaft.at\/index.php?rest_route=\/wp\/v2\/posts"}],"about":[{"href":"https:\/\/www.kuenstlergemeinschaft.at\/index.php?rest_route=\/wp\/v2\/types\/post"}],"author":[{"embeddable":true,"href":"https:\/\/www.kuenstlergemeinschaft.at\/index.php?rest_route=\/wp\/v2\/users\/1"}],"replies":[{"embeddable":true,"href":"https:\/\/www.kuenstlergemeinschaft.at\/index.php?rest_route=%2Fwp%2Fv2%2Fcomments&post=1695"}],"version-history":[{"count":8,"href":"https:\/\/www.kuenstlergemeinschaft.at\/index.php?rest_route=\/wp\/v2\/posts\/1695\/revisions"}],"predecessor-version":[{"id":1706,"href":"https:\/\/www.kuenstlergemeinschaft.at\/index.php?rest_route=\/wp\/v2\/posts\/1695\/revisions\/1706"}],"wp:attachment":[{"href":"https:\/\/www.kuenstlergemeinschaft.at\/index.php?rest_route=%2Fwp%2Fv2%2Fmedia&parent=1695"}],"wp:term":[{"taxonomy":"category","embeddable":true,"href":"https:\/\/www.kuenstlergemeinschaft.at\/index.php?rest_route=%2Fwp%2Fv2%2Fcategories&post=1695"},{"taxonomy":"post_tag","embeddable":true,"href":"https:\/\/www.kuenstlergemeinschaft.at\/index.php?rest_route=%2Fwp%2Fv2%2Ftags&post=1695"}],"curies":[{"name":"wp","href":"https:\/\/api.w.org\/{rel}","templated":true}]}}