{"id":1796,"date":"2017-08-18T11:08:54","date_gmt":"2017-08-18T11:08:54","guid":{"rendered":"http:\/\/www.kuenstlergemeinschaft.at\/?p=1796"},"modified":"2018-08-18T05:59:18","modified_gmt":"2018-08-18T05:59:18","slug":"12-9-2015-kunstauktion-albertina","status":"publish","type":"post","link":"https:\/\/www.kuenstlergemeinschaft.at\/?p=1796","title":{"rendered":"12.9.17 um 18:00 Kunstauktion in der Albertina"},"content":{"rendered":"<h1>Kunstauktion &#8222;Auf Augenh\u00f6he&#8220;<\/h1>\n<div>zu Gunsten Verein zur Verbesserung der Lebensqualit\u00e4t&nbsp;querschnittgel\u00e4hmter Unfallopfer und&nbsp;Menschen mit Handicap<\/div>\n<div>in Kooperation von Albertina und Dorotheum<\/div>\n<div>&nbsp;<\/div>\n<p><strong><span style=\"color: #ff0000;\">Dienstag 12. September 2017&nbsp;um 18.00 Uhr<\/span><\/strong><\/p>\n<p>Musensaal in der Albertina,&nbsp;Albertinaplatz 1, 1010 Wien<\/p>\n<p>Bilder online:&nbsp;<a href=\"http:\/\/www.auf-augenhoehe.at\/events-top\/320-kunstauktion-2018\">http:\/\/www.auf-augenhoehe.at\/events-top\/320-kunstauktion-2018<\/a><\/p>\n<p>18.00 Uhr,&nbsp;Begr\u00fc\u00dfung und Registrierung<br \/>\nmusikalische Einstimmung:&nbsp;Saxolady Daniela Krammer<\/p>\n<p>ab 19.00 Uhr Auktion<br \/>\nBegr\u00fc\u00dfung \/ Moderation&nbsp;Volker Grohskopf<br \/>\nBeginn der Auktion geleitet von&nbsp;Auktionator Matthew Hagerty Dorotheum Wien<br \/>\nanschlie\u00dfend Buffet<\/p>\n<p>Besichtigung der Werke&nbsp;12. September 2017 ab 17 Uhr &nbsp;ebenfalls im Musensaal<\/p>\n<p><strong><img loading=\"lazy\" decoding=\"async\" class=\"alignnone size-large wp-image-1798\" src=\"https:\/\/www.kuenstlergemeinschaft.at\/wp-content\/uploads\/2017\/08\/Bildschirmfoto-2017-08-18-um-13.04.09.png\" alt=\"\" width=\"640\" height=\"434\" data-id=\"1798\" srcset=\"https:\/\/www.kuenstlergemeinschaft.at\/wp-content\/uploads\/2017\/08\/Bildschirmfoto-2017-08-18-um-13.04.09.png 739w, https:\/\/www.kuenstlergemeinschaft.at\/wp-content\/uploads\/2017\/08\/Bildschirmfoto-2017-08-18-um-13.04.09-300x203.png 300w\" sizes=\"(max-width: 640px) 100vw, 640px\" \/><\/strong><\/p>\n<p><a href=\"https:\/\/www.kuenstlergemeinschaft.at\/wp-content\/uploads\/2017\/08\/Bildschirmfoto-2017-08-18-um-13.04.33.png\"><img loading=\"lazy\" decoding=\"async\" class=\"alignnone size-full wp-image-1797\" src=\"https:\/\/www.kuenstlergemeinschaft.at\/wp-content\/uploads\/2017\/08\/Bildschirmfoto-2017-08-18-um-13.04.33.png\" alt=\"\" width=\"919\" height=\"645\" data-id=\"1797\" srcset=\"https:\/\/www.kuenstlergemeinschaft.at\/wp-content\/uploads\/2017\/08\/Bildschirmfoto-2017-08-18-um-13.04.33.png 919w, https:\/\/www.kuenstlergemeinschaft.at\/wp-content\/uploads\/2017\/08\/Bildschirmfoto-2017-08-18-um-13.04.33-300x211.png 300w, https:\/\/www.kuenstlergemeinschaft.at\/wp-content\/uploads\/2017\/08\/Bildschirmfoto-2017-08-18-um-13.04.33-768x539.png 768w\" sizes=\"(max-width: 919px) 100vw, 919px\" \/><\/a><\/p>\n","protected":false},"excerpt":{"rendered":"<p>Kunstauktion &#8222;Auf Augenh\u00f6he&#8220; zu Gunsten Verein zur Verbesserung der Lebensqualit\u00e4t&nbsp;querschnittgel\u00e4hmter Unfallopfer und&nbsp;Menschen mit Handicap in Kooperation von Albertina und Dorotheum &nbsp; Dienstag 12. September 2017&nbsp;um 18.00 Uhr Musensaal in der Albertina,&nbsp;Albertinaplatz 1, 1010 Wien Bilder online:&nbsp;http:\/\/www.auf-augenhoehe.at\/events-top\/320-kunstauktion-2018 18.00 Uhr,&nbsp;Begr\u00fc\u00dfung und Registrierung &hellip; <a href=\"https:\/\/www.kuenstlergemeinschaft.at\/?p=1796\">Weiterlesen <span class=\"meta-nav\">&rarr;<\/span><\/a><\/p>\n","protected":false},"author":1,"featured_media":0,"comment_status":"open","ping_status":"open","sticky":false,"template":"","format":"standard","meta":{"footnotes":""},"categories":[6],"tags":[],"_links":{"self":[{"href":"https:\/\/www.kuenstlergemeinschaft.at\/index.php?rest_route=\/wp\/v2\/posts\/1796"}],"collection":[{"href":"https:\/\/www.kuenstlergemeinschaft.at\/index.php?rest_route=\/wp\/v2\/posts"}],"about":[{"href":"https:\/\/www.kuenstlergemeinschaft.at\/index.php?rest_route=\/wp\/v2\/types\/post"}],"author":[{"embeddable":true,"href":"https:\/\/www.kuenstlergemeinschaft.at\/index.php?rest_route=\/wp\/v2\/users\/1"}],"replies":[{"embeddable":true,"href":"https:\/\/www.kuenstlergemeinschaft.at\/index.php?rest_route=%2Fwp%2Fv2%2Fcomments&post=1796"}],"version-history":[{"count":9,"href":"https:\/\/www.kuenstlergemeinschaft.at\/index.php?rest_route=\/wp\/v2\/posts\/1796\/revisions"}],"predecessor-version":[{"id":1858,"href":"https:\/\/www.kuenstlergemeinschaft.at\/index.php?rest_route=\/wp\/v2\/posts\/1796\/revisions\/1858"}],"wp:attachment":[{"href":"https:\/\/www.kuenstlergemeinschaft.at\/index.php?rest_route=%2Fwp%2Fv2%2Fmedia&parent=1796"}],"wp:term":[{"taxonomy":"category","embeddable":true,"href":"https:\/\/www.kuenstlergemeinschaft.at\/index.php?rest_route=%2Fwp%2Fv2%2Fcategories&post=1796"},{"taxonomy":"post_tag","embeddable":true,"href":"https:\/\/www.kuenstlergemeinschaft.at\/index.php?rest_route=%2Fwp%2Fv2%2Ftags&post=1796"}],"curies":[{"name":"wp","href":"https:\/\/api.w.org\/{rel}","templated":true}]}}