{"id":1829,"date":"2018-04-23T17:51:52","date_gmt":"2018-04-23T17:51:52","guid":{"rendered":"http:\/\/www.kuenstlergemeinschaft.at\/?p=1829"},"modified":"2018-04-23T18:03:11","modified_gmt":"2018-04-23T18:03:11","slug":"12-5-18-kgww-in-der-galerie-artwagram","status":"publish","type":"post","link":"https:\/\/www.kuenstlergemeinschaft.at\/?p=1829","title":{"rendered":"12.5.18 KGWW in der Galerie ArtWagram"},"content":{"rendered":"<div><strong>AUSSTELLUNG IM ELEMENT der K\u00fcunstlergemeinschaft<\/strong><\/div>\n<div><strong><span style=\"color: #ff0000;\">Vernissage am Sa, 12. Mai 2018, um 19 Uhr (<a style=\"color: #ff0000;\" href=\"mailto:office@artwagram.at\">Anmeldung<\/a> erforderlich)<br \/>\n<span style=\"color: #000000;\">3471 NEUDEGG 14&nbsp;<\/span><br \/>\n<\/span><\/strong><\/div>\n<div>&nbsp;<\/div>\n<div>Er\u00f6ffnung durch: Mag. Gabriele Ecker (Abteilung f\u00fcr Kunst &amp; Kultur, Land N\u00d6), Abt Georg Wilfinger, B\u00fcrgermeister Gro\u00dfriedenthal Franz Schneider, Winzer Stephan Mehofer, Musik &#8222;Grenzfall &#8211; Musikalische R\u00e4uber&#8220;<\/div>\n<div>\n<div>Im Rahmen der Vernissage wird das Kinderhilfsprojekt <a href=\"http:\/\/www.saniob-stiftmelk.eu\/\" target=\"_blank\" rel=\"noopener noreferrer\">Auro Danubia<\/a> unterst\u00fctzt.<\/div>\n<div>&nbsp;<\/div>\n<div>Ausstellungszeitraum: 12.5-30.9.2018.&nbsp;Besichtigung zu den \u00d6ffnungszeiten des Weingutes (Mo-Fr 8-13 Uhr),&nbsp;w\u00e4hrend Veranstaltungen&nbsp;oder nach&nbsp;Voranmeldung.&nbsp;<\/div>\n<\/div>\n<div>&nbsp;<\/div>\n<div>Die Ausstellung l\u00e4uft bis 30.September 2018 und ist jederzeit zu besichtigen Tel.Nr.02279\/7274-4<\/div>\n<div>oder <a href=\"mailto:office@artwagram.at\">office@artwagram.at<\/a><\/div>\n<div>&nbsp;<a href=\"https:\/\/www.kuenstlergemeinschaft.at\/wp-content\/uploads\/2018\/04\/Mail-Anhang-4.jpeg\"><img loading=\"lazy\" decoding=\"async\" class=\"alignnone size-large wp-image-1833\" src=\"https:\/\/www.kuenstlergemeinschaft.at\/wp-content\/uploads\/2018\/04\/Mail-Anhang-4-1024x727.jpeg\" alt=\"\" width=\"640\" height=\"454\" data-id=\"1833\" srcset=\"https:\/\/www.kuenstlergemeinschaft.at\/wp-content\/uploads\/2018\/04\/Mail-Anhang-4-1024x727.jpeg 1024w, https:\/\/www.kuenstlergemeinschaft.at\/wp-content\/uploads\/2018\/04\/Mail-Anhang-4-300x213.jpeg 300w, https:\/\/www.kuenstlergemeinschaft.at\/wp-content\/uploads\/2018\/04\/Mail-Anhang-4-768x545.jpeg 768w, https:\/\/www.kuenstlergemeinschaft.at\/wp-content\/uploads\/2018\/04\/Mail-Anhang-4.jpeg 1131w\" sizes=\"(max-width: 640px) 100vw, 640px\" \/><\/a><\/div>\n<div><img loading=\"lazy\" decoding=\"async\" class=\"alignnone size-large wp-image-1832\" src=\"https:\/\/www.kuenstlergemeinschaft.at\/wp-content\/uploads\/2018\/04\/Mail-Anhang-5-1024x729.jpeg\" alt=\"\" width=\"640\" height=\"456\" data-id=\"1832\" srcset=\"https:\/\/www.kuenstlergemeinschaft.at\/wp-content\/uploads\/2018\/04\/Mail-Anhang-5-1024x729.jpeg 1024w, https:\/\/www.kuenstlergemeinschaft.at\/wp-content\/uploads\/2018\/04\/Mail-Anhang-5-300x214.jpeg 300w, https:\/\/www.kuenstlergemeinschaft.at\/wp-content\/uploads\/2018\/04\/Mail-Anhang-5-768x547.jpeg 768w, https:\/\/www.kuenstlergemeinschaft.at\/wp-content\/uploads\/2018\/04\/Mail-Anhang-5.jpeg 1125w\" sizes=\"(max-width: 640px) 100vw, 640px\" \/><\/div>\n<div>&nbsp;<\/div>\n","protected":false},"excerpt":{"rendered":"<p>AUSSTELLUNG IM ELEMENT der K\u00fcunstlergemeinschaft Vernissage am Sa, 12. Mai 2018, um 19 Uhr (Anmeldung erforderlich) 3471 NEUDEGG 14&nbsp; &nbsp; Er\u00f6ffnung durch: Mag. Gabriele Ecker (Abteilung f\u00fcr Kunst &amp; Kultur, Land N\u00d6), Abt Georg Wilfinger, B\u00fcrgermeister Gro\u00dfriedenthal Franz Schneider, Winzer &hellip; <a href=\"https:\/\/www.kuenstlergemeinschaft.at\/?p=1829\">Weiterlesen <span class=\"meta-nav\">&rarr;<\/span><\/a><\/p>\n","protected":false},"author":1,"featured_media":0,"comment_status":"open","ping_status":"open","sticky":false,"template":"","format":"standard","meta":{"footnotes":""},"categories":[6],"tags":[],"_links":{"self":[{"href":"https:\/\/www.kuenstlergemeinschaft.at\/index.php?rest_route=\/wp\/v2\/posts\/1829"}],"collection":[{"href":"https:\/\/www.kuenstlergemeinschaft.at\/index.php?rest_route=\/wp\/v2\/posts"}],"about":[{"href":"https:\/\/www.kuenstlergemeinschaft.at\/index.php?rest_route=\/wp\/v2\/types\/post"}],"author":[{"embeddable":true,"href":"https:\/\/www.kuenstlergemeinschaft.at\/index.php?rest_route=\/wp\/v2\/users\/1"}],"replies":[{"embeddable":true,"href":"https:\/\/www.kuenstlergemeinschaft.at\/index.php?rest_route=%2Fwp%2Fv2%2Fcomments&post=1829"}],"version-history":[{"count":4,"href":"https:\/\/www.kuenstlergemeinschaft.at\/index.php?rest_route=\/wp\/v2\/posts\/1829\/revisions"}],"predecessor-version":[{"id":1839,"href":"https:\/\/www.kuenstlergemeinschaft.at\/index.php?rest_route=\/wp\/v2\/posts\/1829\/revisions\/1839"}],"wp:attachment":[{"href":"https:\/\/www.kuenstlergemeinschaft.at\/index.php?rest_route=%2Fwp%2Fv2%2Fmedia&parent=1829"}],"wp:term":[{"taxonomy":"category","embeddable":true,"href":"https:\/\/www.kuenstlergemeinschaft.at\/index.php?rest_route=%2Fwp%2Fv2%2Fcategories&post=1829"},{"taxonomy":"post_tag","embeddable":true,"href":"https:\/\/www.kuenstlergemeinschaft.at\/index.php?rest_route=%2Fwp%2Fv2%2Ftags&post=1829"}],"curies":[{"name":"wp","href":"https:\/\/api.w.org\/{rel}","templated":true}]}}